{"id":1529,"date":"2018-02-08T06:24:44","date_gmt":"2018-02-08T04:24:44","guid":{"rendered":"https:\/\/fotek.eu\/blog\/?p=1529"},"modified":"2018-04-15T17:24:13","modified_gmt":"2018-04-15T15:24:13","slug":"dzien-teleportacji","status":"publish","type":"post","link":"https:\/\/fotek.eu\/blog\/ph2018\/dzien-teleportacji\/","title":{"rendered":"Dzie\u0144 teleportacji"},"content":{"rendered":"<p>Dzi\u015b czeka nas d\u0142ugi dzie\u0144. Zmieniamy lokalizacj\u0119. Rozpoczynamy jednak niespiesznie \u015bniadaniem na tarasie z widokiem na pola ry\u017cowe. Tym razem widok nie jest rewelacykny i sporo mgie\u0142. Po \u015bniadaniu ruszamy na kr\u00f3tki spacer w\u015br\u00f3d poletek ry\u017cowych do upatrzonego wcze\u015bniej sklepiku z pami\u0105tkami. Rzucamy si\u0119 w wir zakupu pami\u0105tek z tego rejonu Filipin. Po powrocie do hoteliku zabieramy nasze baga\u017ce i ruszamy urocz\u0105 strom\u0105 \u015bcie\u017ck\u0105 w g\u00f3r\u0119 na parking. Mamy nadziej\u0119, \u017ce b\u0119dzie tam na nas czeka\u0142 zam\u00f3wiony wcze\u015bniej kierowca. Najpierw musimy och\u0142on\u0105\u0107 po m\u0119cz\u0105cym podejsci z baga\u017cami. Nsjlepszy w takich sytuacjach jest te\u017c kokos! Wypocz\u0119ci i napojeni wsiadamy do zam\u00f3wionego samochodu. \u017begnamy urokliwe Batad. Zaczyna pada\u0107 deszcz, pogoda si\u0119 psuje. Do Banaue docieramy z kilkoma przystankami na punktach widokowych. Niestety deszcz ci\u0105gle leje, pe\u0142no chmur i mgie\u0142.<br \/>\nW Banaue w oczekiwsniu na nocny autobus do Manilii mamy jeszcze czas na obiad i kaw\u0119. O 18 w stale padaj\u0105cym deszczu ruszamy w 8 godzinn\u0105 podr\u00f3\u017c do Manili.<\/p>\n<p><img loading=\"lazy\" decoding=\"async\" src=\"https:\/\/fotek.eu\/blog\/wp-content\/uploads\/2018\/02\/15179983011621.jpg\" alt=\"\" width=\"800\" height=\"450\" class=\"alignnone size-full wp-image-1525\" srcset=\"https:\/\/fotek.eu\/blog\/wp-content\/uploads\/2018\/02\/15179983011621.jpg 800w, https:\/\/fotek.eu\/blog\/wp-content\/uploads\/2018\/02\/15179983011621-300x169.jpg 300w, https:\/\/fotek.eu\/blog\/wp-content\/uploads\/2018\/02\/15179983011621-768x432.jpg 768w\" sizes=\"auto, (max-width: 800px) 100vw, 800px\" \/><\/p>\n<p><img loading=\"lazy\" decoding=\"async\" src=\"https:\/\/fotek.eu\/blog\/wp-content\/uploads\/2018\/02\/15179982062180.jpg\" alt=\"\" width=\"450\" height=\"800\" class=\"alignnone size-full wp-image-1524\" srcset=\"https:\/\/fotek.eu\/blog\/wp-content\/uploads\/2018\/02\/15179982062180.jpg 450w, https:\/\/fotek.eu\/blog\/wp-content\/uploads\/2018\/02\/15179982062180-169x300.jpg 169w\" sizes=\"auto, (max-width: 450px) 100vw, 450px\" \/><\/p>\n","protected":false},"excerpt":{"rendered":"<p>Dzi\u015b czeka nas d\u0142ugi dzie\u0144. Zmieniamy lokalizacj\u0119. Rozpoczynamy jednak niespiesznie \u015bniadaniem na tarasie z widokiem na pola ry\u017cowe. Tym razem widok nie jest rewelacykny i sporo mgie\u0142. Po \u015bniadaniu ruszamy&#46;&#46;&#46;<\/p>\n","protected":false},"author":3,"featured_media":1525,"comment_status":"open","ping_status":"open","sticky":false,"template":"","format":"standard","meta":{"footnotes":""},"categories":[83],"tags":[89,88,86],"class_list":["post-1529","post","type-post","status-publish","format-standard","has-post-thumbnail","hentry","category-ph2018","tag-banaue","tag-batad","tag-manila"],"_links":{"self":[{"href":"https:\/\/fotek.eu\/blog\/wp-json\/wp\/v2\/posts\/1529","targetHints":{"allow":["GET"]}}],"collection":[{"href":"https:\/\/fotek.eu\/blog\/wp-json\/wp\/v2\/posts"}],"about":[{"href":"https:\/\/fotek.eu\/blog\/wp-json\/wp\/v2\/types\/post"}],"author":[{"embeddable":true,"href":"https:\/\/fotek.eu\/blog\/wp-json\/wp\/v2\/users\/3"}],"replies":[{"embeddable":true,"href":"https:\/\/fotek.eu\/blog\/wp-json\/wp\/v2\/comments?post=1529"}],"version-history":[{"count":3,"href":"https:\/\/fotek.eu\/blog\/wp-json\/wp\/v2\/posts\/1529\/revisions"}],"predecessor-version":[{"id":1698,"href":"https:\/\/fotek.eu\/blog\/wp-json\/wp\/v2\/posts\/1529\/revisions\/1698"}],"wp:featuredmedia":[{"embeddable":true,"href":"https:\/\/fotek.eu\/blog\/wp-json\/wp\/v2\/media\/1525"}],"wp:attachment":[{"href":"https:\/\/fotek.eu\/blog\/wp-json\/wp\/v2\/media?parent=1529"}],"wp:term":[{"taxonomy":"category","embeddable":true,"href":"https:\/\/fotek.eu\/blog\/wp-json\/wp\/v2\/categories?post=1529"},{"taxonomy":"post_tag","embeddable":true,"href":"https:\/\/fotek.eu\/blog\/wp-json\/wp\/v2\/tags?post=1529"}],"curies":[{"name":"wp","href":"https:\/\/api.w.org\/{rel}","templated":true}]}}