{"id":915,"date":"2015-04-20T17:18:38","date_gmt":"2015-04-20T15:18:38","guid":{"rendered":"https:\/\/fotek.eu\/blog\/?p=915"},"modified":"2015-04-20T17:18:38","modified_gmt":"2015-04-20T15:18:38","slug":"odwrot-czyli-ponownie-w-hanoi","status":"publish","type":"post","link":"https:\/\/fotek.eu\/blog\/wietnam-2015\/odwrot-czyli-ponownie-w-hanoi\/","title":{"rendered":"odwr\u00f3t czyli ponownie w hanoi"},"content":{"rendered":"<p>Dzie\u0144 zaczynamy wcze\u015bnie rano. Szybkie \u015bniadanie i kr\u00f3tki spacerek na przysta\u0144 by \u0142odzi\u0105 pop\u0142ywa\u0107 w\u015br\u00f3d p\u00f3l ry\u017cowych i ska\u0142. Widoki bardzo przyjemne, zupe\u0142ny brak ludzi o tej porze. Jeste\u015bmy zupe\u0142nie sami. S\u0142ycha\u0107 odg\u0142osy przyrody i miarowy plusk wiose\u0142. Pierwsi tury\u015bci z Hanoi docieraj\u0105 tu ok. 10:30 i wtedy na kana\u0142ach robi si\u0119 t\u0142oczno i gwarno. Dodatkowo upa\u0142 odbiera ca\u0142\u0105 przyjemno\u015b\u0107. My ko\u0144cz\u0105c sw\u00f3j blisko 2 godzinny rejs ok. godziny 9:30 zaczynamy odczuwa\u0107 piek\u0105ce s\u0142o\u0144ce. Dzisiejsza temperatura to tylko 33C cho\u0107 odczuwalna 45C !!  Nasza decyzja o porannym rejsie by\u0142a wi\u0119c uzasadniona. Wracamy do hotelu , szybki prysznic, pakowanie i ruszamy taks\u00f3wka do miasta na dworzec autobusowy. Za\u0142apujemy si\u0119 na lokalny \u0105utobus \u010fo Hanoi. Jak to w Azji &#8211; autobus robi powolny objazd miasta i zbiera pasa\u017cer\u00f3w. Siedzenia ma\u0142e, troch\u0119 niewygodne &#8211; ale to tylko 100km czyli 2,5godziny jazdy. Do celu docieramy w godzinach po\u0142udniowych, zn\u00f3w po kr\u00f3tkim utargowaniu ceny, taks\u00f3wk\u0105 ruszamy do hotelu. Tam odpoczywamy i przeczekujemy najwi\u0119kszy skwar. Wczesnym popo\u0142udniem ruszamy na lunch i zakupy. Snujemy si\u0119 w\u0105skimi, zat\u0142oczonymi uliczkami starej dzirlnicy. Oczywi\u015bcie jest i czas na popo\u0142udniow\u0105 kaw\u0119 &#8211; ju\u017c nie tak dobr\u0105 jak na po\u0142udniu Wietnamu i zakupu. Pod wiecz\u00f3r przysiadamy na plastikowych sto\u0142eczkach na lokalne piwo. Obserwujemy t\u0119tni\u0105ce \u017cyciem ulice. Jutro czeka nas &#8230;. to samo.<\/p>\n<p><a href=\"https:\/\/fotek.eu\/blog\/wp-content\/uploads\/2015\/04\/14295077860524.jpg\"><img loading=\"lazy\" decoding=\"async\" src=\"https:\/\/fotek.eu\/blog\/wp-content\/uploads\/2015\/04\/14295077860524-300x199.jpg\" alt=\"14295077860524\" width=\"300\" height=\"199\" class=\"alignnone size-medium wp-image-910\" srcset=\"https:\/\/fotek.eu\/blog\/wp-content\/uploads\/2015\/04\/14295077860524-300x199.jpg 300w, https:\/\/fotek.eu\/blog\/wp-content\/uploads\/2015\/04\/14295077860524.jpg 800w\" sizes=\"auto, (max-width: 300px) 100vw, 300px\" \/><\/a> <a href=\"https:\/\/fotek.eu\/blog\/wp-content\/uploads\/2015\/04\/14295383111154.jpg\"><img loading=\"lazy\" decoding=\"async\" src=\"https:\/\/fotek.eu\/blog\/wp-content\/uploads\/2015\/04\/14295383111154-300x199.jpg\" alt=\"14295383111154\" width=\"300\" height=\"199\" class=\"alignnone size-medium wp-image-913\" srcset=\"https:\/\/fotek.eu\/blog\/wp-content\/uploads\/2015\/04\/14295383111154-300x199.jpg 300w, https:\/\/fotek.eu\/blog\/wp-content\/uploads\/2015\/04\/14295383111154.jpg 800w\" sizes=\"auto, (max-width: 300px) 100vw, 300px\" \/><\/a><br \/>\n<a href=\"https:\/\/fotek.eu\/blog\/wp-content\/uploads\/2015\/04\/14295382380803.jpg\"><img loading=\"lazy\" decoding=\"async\" src=\"https:\/\/fotek.eu\/blog\/wp-content\/uploads\/2015\/04\/14295382380803-300x199.jpg\" alt=\"14295382380803\" width=\"300\" height=\"199\" class=\"alignnone size-medium wp-image-914\" srcset=\"https:\/\/fotek.eu\/blog\/wp-content\/uploads\/2015\/04\/14295382380803-300x199.jpg 300w, https:\/\/fotek.eu\/blog\/wp-content\/uploads\/2015\/04\/14295382380803.jpg 800w\" sizes=\"auto, (max-width: 300px) 100vw, 300px\" \/><\/a> <a href=\"https:\/\/fotek.eu\/blog\/wp-content\/uploads\/2015\/04\/14295383502655.jpg\"><img loading=\"lazy\" decoding=\"async\" src=\"https:\/\/fotek.eu\/blog\/wp-content\/uploads\/2015\/04\/14295383502655-300x199.jpg\" alt=\"14295383502655\" width=\"300\" height=\"199\" class=\"alignnone size-medium wp-image-912\" srcset=\"https:\/\/fotek.eu\/blog\/wp-content\/uploads\/2015\/04\/14295383502655-300x199.jpg 300w, https:\/\/fotek.eu\/blog\/wp-content\/uploads\/2015\/04\/14295383502655.jpg 800w\" sizes=\"auto, (max-width: 300px) 100vw, 300px\" \/><\/a><\/p>\n","protected":false},"excerpt":{"rendered":"<p>Dzie\u0144 zaczynamy wcze\u015bnie rano. Szybkie \u015bniadanie i kr\u00f3tki spacerek na przysta\u0144 by \u0142odzi\u0105 pop\u0142ywa\u0107 w\u015br\u00f3d p\u00f3l ry\u017cowych i ska\u0142. Widoki bardzo przyjemne, zupe\u0142ny brak ludzi o tej porze. Jeste\u015bmy zupe\u0142nie&#46;&#46;&#46;<\/p>\n","protected":false},"author":3,"featured_media":910,"comment_status":"open","ping_status":"open","sticky":false,"template":"","format":"standard","meta":{"footnotes":""},"categories":[42],"tags":[46,50,43],"class_list":["post-915","post","type-post","status-publish","format-standard","has-post-thumbnail","hentry","category-wietnam-2015","tag-hanoi","tag-ninh-binh","tag-wietnam"],"_links":{"self":[{"href":"https:\/\/fotek.eu\/blog\/wp-json\/wp\/v2\/posts\/915","targetHints":{"allow":["GET"]}}],"collection":[{"href":"https:\/\/fotek.eu\/blog\/wp-json\/wp\/v2\/posts"}],"about":[{"href":"https:\/\/fotek.eu\/blog\/wp-json\/wp\/v2\/types\/post"}],"author":[{"embeddable":true,"href":"https:\/\/fotek.eu\/blog\/wp-json\/wp\/v2\/users\/3"}],"replies":[{"embeddable":true,"href":"https:\/\/fotek.eu\/blog\/wp-json\/wp\/v2\/comments?post=915"}],"version-history":[{"count":1,"href":"https:\/\/fotek.eu\/blog\/wp-json\/wp\/v2\/posts\/915\/revisions"}],"predecessor-version":[{"id":916,"href":"https:\/\/fotek.eu\/blog\/wp-json\/wp\/v2\/posts\/915\/revisions\/916"}],"wp:featuredmedia":[{"embeddable":true,"href":"https:\/\/fotek.eu\/blog\/wp-json\/wp\/v2\/media\/910"}],"wp:attachment":[{"href":"https:\/\/fotek.eu\/blog\/wp-json\/wp\/v2\/media?parent=915"}],"wp:term":[{"taxonomy":"category","embeddable":true,"href":"https:\/\/fotek.eu\/blog\/wp-json\/wp\/v2\/categories?post=915"},{"taxonomy":"post_tag","embeddable":true,"href":"https:\/\/fotek.eu\/blog\/wp-json\/wp\/v2\/tags?post=915"}],"curies":[{"name":"wp","href":"https:\/\/api.w.org\/{rel}","templated":true}]}}